{"id":3752,"date":"2023-02-27T11:29:38","date_gmt":"2023-02-27T08:29:38","guid":{"rendered":"https:\/\/arts.ircica.org\/uncategorized-tr\/islamic-arts-our-mission"},"modified":"2023-03-29T12:48:22","modified_gmt":"2023-03-29T09:48:22","slug":"islam-sanatlari-ircicanin-misyonu","status":"publish","type":"post","link":"https:\/\/arts.ircica.org\/tr\/hakkimda\/islam-sanatlari-ircicanin-misyonu","title":{"rendered":"\u0130slam Sanatlar\u0131: IRCICA&#8217;n\u0131n Misyonu"},"content":{"rendered":"<p>\u0130slam sanatlar\u0131, ad\u0131nda da yer ald\u0131\u011f\u0131 gibi IRCICA&#8217;n\u0131n misyonunun temel alanlar\u0131ndan biridir. IRCICA&#8217;n\u0131n ama\u00e7lar\u0131ndan biri \u0130slam d\u00fcnyas\u0131n\u0131n kl\u00e2sik sanatlar\u0131n\u0131 ve geleneksel elsanatlar\u0131n\u0131 korumak ve te\u015fvik etmek, k\u00fclt\u00fcr miras\u0131 olarak ta\u015f\u0131d\u0131klar\u0131 de\u011feri ve k\u00fclt\u00fcr k\u00f6pr\u00fcs\u00fc olarak oynad\u0131klar\u0131 rol\u00fc \u00f6n plana \u00e7\u0131karmakt\u0131r. IRCICA bu ama\u00e7larla ara\u015ft\u0131rma, yay\u0131n, festival, yar\u0131\u015fma, e\u011fitim program\u0131 ve sergi gibi \u00e7e\u015fitli faaliyetler y\u00fcr\u00fctmektedir.<\/p>\n<p>Merkezin ara\u015ft\u0131rmalar\u0131nda ve konferanslar\u0131nda \u0130slam sanatlar\u0131n\u0131n \u00e7e\u015fitli dallar\u0131, bunlar\u0131n tarihi ve geli\u015fmeleri ele al\u0131nmakta, d\u00fcnyan\u0131n \u00e7e\u015fitli yerlerindeki sanat koleksiyonlar\u0131, bunlar\u0131n korunmas\u0131 ve kataloglanmas\u0131 konular\u0131 incelenmektedir. De\u011fi\u015fik \u00fclkelerde d\u00fczenlenen festivaller hat, tezhip, minyat\u00fcr, cilt\u00e7ilik, ebru, tahta oymac\u0131l\u0131\u011f\u0131, \u00e7ini, hal\u0131 dokuma, sepet\u00e7ilik, vb. elsanatlar\u0131n\u0131 tan\u0131tmaya katk\u0131da bulunmaktad\u0131r. IRCICA&#8217;n\u0131n \u00fc\u00e7 y\u0131lda bir d\u00fczenledi\u011fi Milletleraras\u0131 Hat Yar\u0131\u015fmas\u0131na, elsanatlar\u0131 festivalleri s\u0131ras\u0131ndaki yar\u0131\u015fmalara ve \u00e7evrimi\u00e7i d\u00fczenlenen hat kurslar\u0131na t\u00fcm d\u00fcnyadan sanat\u00e7\u0131lar kat\u0131lmaktad\u0131r.<\/p>\n","protected":false},"excerpt":{"rendered":"<p>\u0130slam sanatlar\u0131, ad\u0131nda da yer ald\u0131\u011f\u0131 gibi IRCICA&#8217;n\u0131n misyonunun temel alanlar\u0131ndan biridir. IRCICA&#8217;n\u0131n ama\u00e7lar\u0131ndan biri \u0130slam d\u00fcnyas\u0131n\u0131n kl\u00e2sik sanatlar\u0131n\u0131 ve geleneksel elsanatlar\u0131n\u0131 korumak ve te\u015fvik etmek, k\u00fclt\u00fcr miras\u0131 olarak ta\u015f\u0131d\u0131klar\u0131 de\u011feri ve k\u00fclt\u00fcr k\u00f6pr\u00fcs\u00fc olarak oynad\u0131klar\u0131 rol\u00fc \u00f6n plana \u00e7\u0131karmakt\u0131r. IRCICA bu ama\u00e7larla ara\u015ft\u0131rma, yay\u0131n, festival, yar\u0131\u015fma, e\u011fitim program\u0131 ve sergi gibi \u00e7e\u015fitli faaliyetler y\u00fcr\u00fctmektedir. Merkezin ara\u015ft\u0131rmalar\u0131nda ve konferanslar\u0131nda \u0130slam sanatlar\u0131n\u0131n \u00e7e\u015fitli dallar\u0131, bunlar\u0131n tarihi ve geli\u015fmeleri ele al\u0131nmakta, d\u00fcnyan\u0131n \u00e7e\u015fitli yerlerindeki sanat koleksiyonlar\u0131, bunlar\u0131n korunmas\u0131 ve kataloglanmas\u0131 konular\u0131 incelenmektedir. [&hellip;]<\/p>\n","protected":false},"author":1,"featured_media":0,"comment_status":"closed","ping_status":"closed","sticky":false,"template":"","format":"standard","meta":{"_mi_skip_tracking":false,"footnotes":""},"categories":[64],"tags":[],"class_list":["post-3752","post","type-post","status-publish","format-standard","hentry","category-hakkimda"],"aioseo_notices":[],"_links":{"self":[{"href":"https:\/\/arts.ircica.org\/tr\/wp-json\/wp\/v2\/posts\/3752","targetHints":{"allow":["GET"]}}],"collection":[{"href":"https:\/\/arts.ircica.org\/tr\/wp-json\/wp\/v2\/posts"}],"about":[{"href":"https:\/\/arts.ircica.org\/tr\/wp-json\/wp\/v2\/types\/post"}],"author":[{"embeddable":true,"href":"https:\/\/arts.ircica.org\/tr\/wp-json\/wp\/v2\/users\/1"}],"replies":[{"embeddable":true,"href":"https:\/\/arts.ircica.org\/tr\/wp-json\/wp\/v2\/comments?post=3752"}],"version-history":[{"count":1,"href":"https:\/\/arts.ircica.org\/tr\/wp-json\/wp\/v2\/posts\/3752\/revisions"}],"predecessor-version":[{"id":3753,"href":"https:\/\/arts.ircica.org\/tr\/wp-json\/wp\/v2\/posts\/3752\/revisions\/3753"}],"wp:attachment":[{"href":"https:\/\/arts.ircica.org\/tr\/wp-json\/wp\/v2\/media?parent=3752"}],"wp:term":[{"taxonomy":"category","embeddable":true,"href":"https:\/\/arts.ircica.org\/tr\/wp-json\/wp\/v2\/categories?post=3752"},{"taxonomy":"post_tag","embeddable":true,"href":"https:\/\/arts.ircica.org\/tr\/wp-json\/wp\/v2\/tags?post=3752"}],"curies":[{"name":"wp","href":"https:\/\/api.w.org\/{rel}","templated":true}]}}